{"id":5082,"date":"2023-11-06T12:00:36","date_gmt":"2023-11-06T12:00:36","guid":{"rendered":"https:\/\/hidral.com\/?p=5082"},"modified":"2025-08-12T12:02:39","modified_gmt":"2025-08-12T12:02:39","slug":"sistema-de-retencion-de-carga-en-plataformas-de-carga","status":"publish","type":"post","link":"https:\/\/hidral.com\/fr\/sistema-de-retencion-de-carga-en-plataformas-de-carga\/","title":{"rendered":"Syst\u00e8me de retenue de la charge sur les plates-formes de chargement"},"content":{"rendered":"<p><span style=\"font-weight: 400;\">Chez Hidral, nous sommes toujours attentifs aux besoins de nos clients et de l'utilisateur final de nos \u00e9quipements.\u00a0<\/span><\/p>\n<h2><b>Syst\u00e8me de retenue de la charge sur les plates-formes de chargement<\/b><\/h2>\n<p><span style=\"font-weight: 400;\">Dans le cadre de la recherche de nouvelles propositions qui am\u00e9liorent la qualit\u00e9 et la s\u00e9curit\u00e9, nous pr\u00e9sentons la nouvelle option Cargo Restraint System (syst\u00e8me de retenue des bagages) disponible sur le <\/span><a href=\"https:\/\/www.hidral.com\/es\/productos\"><span style=\"font-weight: 400;\">plates-formes de chargement<\/span><\/a><span style=\"font-weight: 400;\"> (avec ou sans accompagnateur), qui emp\u00eache la circulation des marchandises susceptibles de se d\u00e9placer pendant le trajet entre les niveaux. Cette solution permet d'\u00e9viter les risques \u00e9ventuels d'impact dus au d\u00e9placement, ainsi que le pi\u00e9geage des marchandises. Cette option convient parfaitement aux supermarch\u00e9s et aux installations o\u00f9 les marchandises sont d\u00e9plac\u00e9es sur des chariots ou des \u00e9quipements \u00e0 roues.<\/span><\/p>\n<p><span style=\"font-weight: 400;\">Il est compatible avec toutes les options de protections lat\u00e9rales disponibles dans notre catalogue, et des options sont disponibles pour les \u00e9quipements existants*.<\/span><\/p>\n<p><span style=\"font-weight: 400;\">Nos coll\u00e8gues de la vente, du commerce et du service apr\u00e8s-vente seront en mesure de r\u00e9pondre \u00e0 toutes les questions que vous pourriez avoir.<\/span><\/p>\n<p><span style=\"font-weight: 400;\">\u00a0*<\/span><i><span style=\"font-weight: 400;\">consulter au cas par cas.<\/span><\/i><\/p>","protected":false},"excerpt":{"rendered":"<p>En Hidral siempre prestamos atenci\u00f3n a las necesidades de nuestros clientes y del usuario final de nuestros equipos.\u00a0 Sistema de retenci\u00f3n de carga en plataformas de carga Como parte de la b\u00fasqueda de nuevas propuestas que mejoren la calidad y la seguridad, os presentamos la nueva opci\u00f3n de Sistema de Retenci\u00f3n de Carga disponible en [&hellip;]<\/p>\n","protected":false},"author":1,"featured_media":0,"comment_status":"closed","ping_status":"closed","sticky":false,"template":"","format":"standard","meta":{"footnotes":""},"categories":[1],"tags":[],"class_list":["post-5082","post","type-post","status-publish","format-standard","hentry","category-uncategorized"],"yoast_head":"<!-- This site is optimized with the Yoast SEO plugin v27.4 - https:\/\/yoast.com\/product\/yoast-seo-wordpress\/ -->\n<title>Sistema de retenci\u00f3n de carga en plataformas de carga - Hidral<\/title>\n<meta name=\"robots\" content=\"index, follow, max-snippet:-1, max-image-preview:large, max-video-preview:-1\" \/>\n<link rel=\"canonical\" href=\"https:\/\/hidral.com\/fr\/sistema-de-retencion-de-carga-en-plataformas-de-carga\/\" \/>\n<meta property=\"og:locale\" content=\"fr_FR\" \/>\n<meta property=\"og:type\" content=\"article\" \/>\n<meta property=\"og:title\" content=\"Sistema de retenci\u00f3n de carga en plataformas de carga - Hidral\" \/>\n<meta property=\"og:description\" content=\"En Hidral siempre prestamos atenci\u00f3n a las necesidades de nuestros clientes y del usuario final de nuestros equipos.\u00a0 Sistema de retenci\u00f3n de carga en plataformas de carga Como parte de la b\u00fasqueda de nuevas propuestas que mejoren la calidad y la seguridad, os presentamos la nueva opci\u00f3n de Sistema de Retenci\u00f3n de Carga disponible en [&hellip;]\" \/>\n<meta property=\"og:url\" content=\"https:\/\/hidral.com\/fr\/sistema-de-retencion-de-carga-en-plataformas-de-carga\/\" \/>\n<meta property=\"og:site_name\" content=\"Hidral\" \/>\n<meta property=\"article:published_time\" content=\"2023-11-06T12:00:36+00:00\" \/>\n<meta property=\"article:modified_time\" content=\"2025-08-12T12:02:39+00:00\" \/>\n<meta name=\"author\" content=\"admin\" \/>\n<meta name=\"twitter:card\" content=\"summary_large_image\" \/>\n<meta name=\"twitter:label1\" content=\"\u00c9crit par\" \/>\n\t<meta name=\"twitter:data1\" content=\"admin\" \/>\n\t<meta name=\"twitter:label2\" content=\"Dur\u00e9e de lecture estim\u00e9e\" \/>\n\t<meta name=\"twitter:data2\" content=\"1 minute\" \/>\n<script type=\"application\/ld+json\" class=\"yoast-schema-graph\">{\"@context\":\"https:\\\/\\\/schema.org\",\"@graph\":[{\"@type\":\"Article\",\"@id\":\"https:\\\/\\\/hidral.com\\\/en\\\/sistema-de-retencion-de-carga-en-plataformas-de-carga\\\/#article\",\"isPartOf\":{\"@id\":\"https:\\\/\\\/hidral.com\\\/en\\\/sistema-de-retencion-de-carga-en-plataformas-de-carga\\\/\"},\"author\":{\"name\":\"admin\",\"@id\":\"https:\\\/\\\/hidral.com\\\/fr\\\/#\\\/schema\\\/person\\\/116e58829af7c03a5c066398dc506473\"},\"headline\":\"Sistema de retenci\u00f3n de carga en plataformas de carga\",\"datePublished\":\"2023-11-06T12:00:36+00:00\",\"dateModified\":\"2025-08-12T12:02:39+00:00\",\"mainEntityOfPage\":{\"@id\":\"https:\\\/\\\/hidral.com\\\/en\\\/sistema-de-retencion-de-carga-en-plataformas-de-carga\\\/\"},\"wordCount\":184,\"publisher\":{\"@id\":\"https:\\\/\\\/hidral.com\\\/fr\\\/#organization\"},\"articleSection\":[\"Uncategorized\"],\"inLanguage\":\"fr-FR\"},{\"@type\":\"WebPage\",\"@id\":\"https:\\\/\\\/hidral.com\\\/en\\\/sistema-de-retencion-de-carga-en-plataformas-de-carga\\\/\",\"url\":\"https:\\\/\\\/hidral.com\\\/en\\\/sistema-de-retencion-de-carga-en-plataformas-de-carga\\\/\",\"name\":\"Sistema de retenci\u00f3n de carga en plataformas de carga - Hidral\",\"isPartOf\":{\"@id\":\"https:\\\/\\\/hidral.com\\\/fr\\\/#website\"},\"datePublished\":\"2023-11-06T12:00:36+00:00\",\"dateModified\":\"2025-08-12T12:02:39+00:00\",\"breadcrumb\":{\"@id\":\"https:\\\/\\\/hidral.com\\\/en\\\/sistema-de-retencion-de-carga-en-plataformas-de-carga\\\/#breadcrumb\"},\"inLanguage\":\"fr-FR\",\"potentialAction\":[{\"@type\":\"ReadAction\",\"target\":[\"https:\\\/\\\/hidral.com\\\/en\\\/sistema-de-retencion-de-carga-en-plataformas-de-carga\\\/\"]}]},{\"@type\":\"BreadcrumbList\",\"@id\":\"https:\\\/\\\/hidral.com\\\/en\\\/sistema-de-retencion-de-carga-en-plataformas-de-carga\\\/#breadcrumb\",\"itemListElement\":[{\"@type\":\"ListItem\",\"position\":1,\"name\":\"Portada\",\"item\":\"https:\\\/\\\/hidral.com\\\/fr\\\/\"},{\"@type\":\"ListItem\",\"position\":2,\"name\":\"Sistema de retenci\u00f3n de carga en plataformas de carga\"}]},{\"@type\":\"WebSite\",\"@id\":\"https:\\\/\\\/hidral.com\\\/fr\\\/#website\",\"url\":\"https:\\\/\\\/hidral.com\\\/fr\\\/\",\"name\":\"Hidral\",\"description\":\"Soluciones globales para la elevaci\u00f3n\",\"publisher\":{\"@id\":\"https:\\\/\\\/hidral.com\\\/fr\\\/#organization\"},\"potentialAction\":[{\"@type\":\"SearchAction\",\"target\":{\"@type\":\"EntryPoint\",\"urlTemplate\":\"https:\\\/\\\/hidral.com\\\/fr\\\/?s={search_term_string}\"},\"query-input\":{\"@type\":\"PropertyValueSpecification\",\"valueRequired\":true,\"valueName\":\"search_term_string\"}}],\"inLanguage\":\"fr-FR\"},{\"@type\":\"Organization\",\"@id\":\"https:\\\/\\\/hidral.com\\\/fr\\\/#organization\",\"name\":\"Hidral\",\"url\":\"https:\\\/\\\/hidral.com\\\/fr\\\/\",\"logo\":{\"@type\":\"ImageObject\",\"inLanguage\":\"fr-FR\",\"@id\":\"https:\\\/\\\/hidral.com\\\/fr\\\/#\\\/schema\\\/logo\\\/image\\\/\",\"url\":\"https:\\\/\\\/hidral.com\\\/wp-content\\\/uploads\\\/2025\\\/01\\\/icono-hidral-02.svg\",\"contentUrl\":\"https:\\\/\\\/hidral.com\\\/wp-content\\\/uploads\\\/2025\\\/01\\\/icono-hidral-02.svg\",\"caption\":\"Hidral\"},\"image\":{\"@id\":\"https:\\\/\\\/hidral.com\\\/fr\\\/#\\\/schema\\\/logo\\\/image\\\/\"}},{\"@type\":\"Person\",\"@id\":\"https:\\\/\\\/hidral.com\\\/fr\\\/#\\\/schema\\\/person\\\/116e58829af7c03a5c066398dc506473\",\"name\":\"admin\",\"url\":\"https:\\\/\\\/hidral.com\\\/fr\\\/author\\\/info_ho67a79t\\\/\"}]}<\/script>\n<!-- \/ Yoast SEO plugin. -->","yoast_head_json":{"title":"Sistema de retenci\u00f3n de carga en plataformas de carga - Hidral","robots":{"index":"index","follow":"follow","max-snippet":"max-snippet:-1","max-image-preview":"max-image-preview:large","max-video-preview":"max-video-preview:-1"},"canonical":"https:\/\/hidral.com\/fr\/sistema-de-retencion-de-carga-en-plataformas-de-carga\/","og_locale":"fr_FR","og_type":"article","og_title":"Sistema de retenci\u00f3n de carga en plataformas de carga - Hidral","og_description":"En Hidral siempre prestamos atenci\u00f3n a las necesidades de nuestros clientes y del usuario final de nuestros equipos.\u00a0 Sistema de retenci\u00f3n de carga en plataformas de carga Como parte de la b\u00fasqueda de nuevas propuestas que mejoren la calidad y la seguridad, os presentamos la nueva opci\u00f3n de Sistema de Retenci\u00f3n de Carga disponible en [&hellip;]","og_url":"https:\/\/hidral.com\/fr\/sistema-de-retencion-de-carga-en-plataformas-de-carga\/","og_site_name":"Hidral","article_published_time":"2023-11-06T12:00:36+00:00","article_modified_time":"2025-08-12T12:02:39+00:00","author":"admin","twitter_card":"summary_large_image","twitter_misc":{"\u00c9crit par":"admin","Dur\u00e9e de lecture estim\u00e9e":"1 minute"},"schema":{"@context":"https:\/\/schema.org","@graph":[{"@type":"Article","@id":"https:\/\/hidral.com\/en\/sistema-de-retencion-de-carga-en-plataformas-de-carga\/#article","isPartOf":{"@id":"https:\/\/hidral.com\/en\/sistema-de-retencion-de-carga-en-plataformas-de-carga\/"},"author":{"name":"admin","@id":"https:\/\/hidral.com\/fr\/#\/schema\/person\/116e58829af7c03a5c066398dc506473"},"headline":"Sistema de retenci\u00f3n de carga en plataformas de carga","datePublished":"2023-11-06T12:00:36+00:00","dateModified":"2025-08-12T12:02:39+00:00","mainEntityOfPage":{"@id":"https:\/\/hidral.com\/en\/sistema-de-retencion-de-carga-en-plataformas-de-carga\/"},"wordCount":184,"publisher":{"@id":"https:\/\/hidral.com\/fr\/#organization"},"articleSection":["Uncategorized"],"inLanguage":"fr-FR"},{"@type":"WebPage","@id":"https:\/\/hidral.com\/en\/sistema-de-retencion-de-carga-en-plataformas-de-carga\/","url":"https:\/\/hidral.com\/en\/sistema-de-retencion-de-carga-en-plataformas-de-carga\/","name":"Sistema de retenci\u00f3n de carga en plataformas de carga - Hidral","isPartOf":{"@id":"https:\/\/hidral.com\/fr\/#website"},"datePublished":"2023-11-06T12:00:36+00:00","dateModified":"2025-08-12T12:02:39+00:00","breadcrumb":{"@id":"https:\/\/hidral.com\/en\/sistema-de-retencion-de-carga-en-plataformas-de-carga\/#breadcrumb"},"inLanguage":"fr-FR","potentialAction":[{"@type":"ReadAction","target":["https:\/\/hidral.com\/en\/sistema-de-retencion-de-carga-en-plataformas-de-carga\/"]}]},{"@type":"BreadcrumbList","@id":"https:\/\/hidral.com\/en\/sistema-de-retencion-de-carga-en-plataformas-de-carga\/#breadcrumb","itemListElement":[{"@type":"ListItem","position":1,"name":"Portada","item":"https:\/\/hidral.com\/fr\/"},{"@type":"ListItem","position":2,"name":"Sistema de retenci\u00f3n de carga en plataformas de carga"}]},{"@type":"WebSite","@id":"https:\/\/hidral.com\/fr\/#website","url":"https:\/\/hidral.com\/fr\/","name":"Hidral","description":"Solutions globales pour le levage","publisher":{"@id":"https:\/\/hidral.com\/fr\/#organization"},"potentialAction":[{"@type":"SearchAction","target":{"@type":"EntryPoint","urlTemplate":"https:\/\/hidral.com\/fr\/?s={search_term_string}"},"query-input":{"@type":"PropertyValueSpecification","valueRequired":true,"valueName":"search_term_string"}}],"inLanguage":"fr-FR"},{"@type":"Organization","@id":"https:\/\/hidral.com\/fr\/#organization","name":"Hidral","url":"https:\/\/hidral.com\/fr\/","logo":{"@type":"ImageObject","inLanguage":"fr-FR","@id":"https:\/\/hidral.com\/fr\/#\/schema\/logo\/image\/","url":"https:\/\/hidral.com\/wp-content\/uploads\/2025\/01\/icono-hidral-02.svg","contentUrl":"https:\/\/hidral.com\/wp-content\/uploads\/2025\/01\/icono-hidral-02.svg","caption":"Hidral"},"image":{"@id":"https:\/\/hidral.com\/fr\/#\/schema\/logo\/image\/"}},{"@type":"Person","@id":"https:\/\/hidral.com\/fr\/#\/schema\/person\/116e58829af7c03a5c066398dc506473","name":"l'administration","url":"https:\/\/hidral.com\/fr\/author\/info_ho67a79t\/"}]}},"_links":{"self":[{"href":"https:\/\/hidral.com\/fr\/wp-json\/wp\/v2\/posts\/5082","targetHints":{"allow":["GET"]}}],"collection":[{"href":"https:\/\/hidral.com\/fr\/wp-json\/wp\/v2\/posts"}],"about":[{"href":"https:\/\/hidral.com\/fr\/wp-json\/wp\/v2\/types\/post"}],"author":[{"embeddable":true,"href":"https:\/\/hidral.com\/fr\/wp-json\/wp\/v2\/users\/1"}],"replies":[{"embeddable":true,"href":"https:\/\/hidral.com\/fr\/wp-json\/wp\/v2\/comments?post=5082"}],"version-history":[{"count":1,"href":"https:\/\/hidral.com\/fr\/wp-json\/wp\/v2\/posts\/5082\/revisions"}],"predecessor-version":[{"id":5083,"href":"https:\/\/hidral.com\/fr\/wp-json\/wp\/v2\/posts\/5082\/revisions\/5083"}],"wp:attachment":[{"href":"https:\/\/hidral.com\/fr\/wp-json\/wp\/v2\/media?parent=5082"}],"wp:term":[{"taxonomy":"category","embeddable":true,"href":"https:\/\/hidral.com\/fr\/wp-json\/wp\/v2\/categories?post=5082"},{"taxonomy":"post_tag","embeddable":true,"href":"https:\/\/hidral.com\/fr\/wp-json\/wp\/v2\/tags?post=5082"}],"curies":[{"name":"wp","href":"https:\/\/api.w.org\/{rel}","templated":true}]}}